{"id":12477,"date":"2018-03-02T18:14:12","date_gmt":"2018-03-02T18:14:12","guid":{"rendered":"https:\/\/zszalkovice.cz\/?p=12477"},"modified":"2018-03-13T11:32:54","modified_gmt":"2018-03-13T11:32:54","slug":"plan-akci-na-mesic-brezen","status":"publish","type":"post","link":"https:\/\/zszalkovice.cz\/en\/plan-akci-na-mesic-brezen\/","title":{"rendered":"Pl\u00e1n akc\u00ed na m\u011bs\u00edc b\u0159ezen"},"content":{"rendered":"<div id=\"pl-12477\"  class=\"panel-layout\" ><div id=\"pg-12477-0\"  class=\"panel-grid panel-no-style\" ><\/div><div id=\"pg-12477-1\"  class=\"panel-grid panel-no-style\" ><div id=\"pgc-12477-1-0\"  class=\"panel-grid-cell\" ><div id=\"panel-12477-1-0-0\" class=\"so-panel widget widget_sow-editor panel-first-child panel-last-child\" data-index=\"0\" ><div\n\t\t\t\n\t\t\tclass=\"so-widget-sow-editor so-widget-sow-editor-base\"\n\t\t\t\n\t\t>\n<div class=\"siteorigin-widget-tinymce textwidget\">\n\t<table>\n<tbody>\n<tr style=\"height: 72px;\">\n<td style=\"height: 72px;\" width=\"201\"><strong>Z\u0160<\/strong><\/td>\n<td style=\"height: 72px;\" width=\"201\"><strong>\u0160kola Zdrav\u00e9 5<\/strong> \u2013 interaktivn\u00ed program o zdrav\u00e9m \u017eivotn\u00edm stylu<\/td>\n<td style=\"height: 72px;\" width=\"201\">5. 3.<\/td>\n<\/tr>\n<tr style=\"height: 48px;\">\n<td style=\"height: 48px;\" width=\"201\">\u00a0<\/td>\n<td style=\"height: 48px;\" width=\"201\"><strong>Konzulta\u010dn\u00ed den<\/strong> s\u00a0rodi\u010di (13.30 \u2013 16.00)<\/td>\n<td style=\"height: 48px;\" width=\"201\">5. 3.<\/td>\n<\/tr>\n<tr style=\"height: 72px;\">\n<td style=\"height: 72px;\" width=\"201\"><strong>\u00a0<\/strong><\/td>\n<td style=\"height: 72px;\" width=\"201\"><strong>Den otev\u0159en\u00fdch dve\u0159\u00ed<\/strong> (pro budouc\u00ed prv\u0148\u00e1ky, rodi\u010de a ve\u0159ejnost)<\/td>\n<td style=\"height: 72px;\" width=\"201\">26. 3.\u00a0<\/td>\n<\/tr>\n<tr style=\"height: 48px;\">\n<td style=\"height: 48px;\" width=\"201\"><strong>\u00a0<\/strong><\/td>\n<td style=\"height: 48px;\" width=\"201\"><strong>Vyn\u00e1\u0161en\u00ed zimy<\/strong> (od 10.45 \u2013 spole\u010dn\u011b s M\u0160)\u00a0\u00a0<\/td>\n<td style=\"height: 48px;\" width=\"201\">19. 3.\u00a0<\/td>\n<\/tr>\n<tr style=\"height: 72px;\">\n<td style=\"height: 72px;\" width=\"201\"><strong>\u00a0<\/strong><\/td>\n<td style=\"height: 72px;\" width=\"201\"><strong>Sv\u00e1tek poezie<\/strong> (\u00fa\u010dast na okresn\u00edm kole v\u00a0recitaci \u2013 DK Krom\u011b\u0159\u00ed\u017e)<\/td>\n<td style=\"height: 72px;\" width=\"201\">21. 3.\u00a0<\/td>\n<\/tr>\n<tr style=\"height: 48px;\">\n<td style=\"height: 48px;\" width=\"201\"><strong>\u00a0<\/strong><\/td>\n<td style=\"height: 48px;\" width=\"201\"><strong>Sv\u011btov\u00fd den vody<\/strong> \u2013 Modr\u00fd den<\/td>\n<td style=\"height: 48px;\" width=\"201\">22 . 3.<\/td>\n<\/tr>\n<tr style=\"height: 48px;\">\n<td style=\"height: 48px;\" width=\"201\"><strong>\u00a0<\/strong><\/td>\n<td style=\"height: 48px;\" width=\"201\"><strong>Velikono\u010dn\u00ed d\u00edlna<\/strong> s\u00a0rodi\u010di (15.30)<\/td>\n<td style=\"height: 48px;\" width=\"201\">26. 3.<\/td>\n<\/tr>\n<tr style=\"height: 48px;\">\n<td style=\"height: 48px;\" width=\"201\">\u00a0<\/td>\n<td style=\"height: 48px;\" width=\"201\"><strong>M\u011bs\u00edc knihy <\/strong>(Josef Lada)<\/td>\n<td style=\"height: 48px;\" width=\"201\">pr\u016fb\u011b\u017en\u011b<\/td>\n<\/tr>\n<tr style=\"height: 48px;\">\n<td style=\"height: 48px;\" width=\"201\"><strong>\u0160D<\/strong><\/td>\n<td style=\"height: 48px;\" width=\"201\"><strong>M\u011bs\u00edc knihy <\/strong>(Josef Lada)<\/td>\n<td style=\"height: 48px;\" width=\"201\">\u00a0pr\u016fb\u011b\u017en\u011b<\/td>\n<\/tr>\n<tr style=\"height: 48px;\">\n<td style=\"height: 48px;\" width=\"201\">\u00a0<\/td>\n<td style=\"height: 48px;\" width=\"201\"><strong>Kniha je n\u00e1\u0161 kamar\u00e1d<\/strong> \u2013 \u201eO kr\u00e1le \u010dten\u00e1\u0159e\u201c \u00a0\u00a0<\/td>\n<td style=\"height: 48px;\" width=\"201\">pr\u016fb\u011b\u017en\u011b<\/td>\n<\/tr>\n<tr style=\"height: 48px;\">\n<td style=\"height: 48px;\" width=\"201\">\u00a0<\/td>\n<td style=\"height: 48px;\" width=\"201\"><strong>Sv\u011btov\u00fd den vody<\/strong> \u2013 Modr\u00fd den<\/td>\n<td style=\"height: 48px;\" width=\"201\">22. 3.\u00a0<\/td>\n<\/tr>\n<tr style=\"height: 24px;\">\n<td style=\"height: 24px;\" width=\"201\">\u00a0<\/td>\n<td style=\"height: 24px;\" width=\"201\"><strong>Sport mix \u00a0\u00a0\u00a0 <\/strong><\/td>\n<td style=\"height: 24px;\" width=\"201\">12. 3., 26. 3.<\/td>\n<\/tr>\n<tr style=\"height: 48px;\">\n<td style=\"height: 48px;\" width=\"201\">\u00a0<\/td>\n<td style=\"height: 48px;\" width=\"201\"><strong>N\u00e1v\u0161t\u011bva <\/strong>Knihovny v\u00a0Kyselovic\u00edch<\/td>\n<td style=\"height: 48px;\" width=\"201\">bude up\u0159esn\u011bno<\/td>\n<\/tr>\n<tr style=\"height: 97px;\">\n<td style=\"height: 97px;\" width=\"201\"><strong>\u00a0M\u0160<\/strong><\/td>\n<td style=\"height: 97px;\" width=\"201\"><strong>Hr\u00e1tky Zdrav\u00e9 5 <\/strong>\u2013 interaktivn\u00ed program o zdrav\u00e9m stravov\u00e1n\u00ed\u00a0\u00a0\u00a0\u00a0 \u00a0\u00a0\u00a0\u00a0\u00a0\u00a0\u00a0\u00a0\u00a0\u00a0\u00a0<\/td>\n<td style=\"height: 97px;\" width=\"201\">5. 3.\u00a0<\/td>\n<\/tr>\n<tr style=\"height: 24px;\">\n<td style=\"height: 24px;\" width=\"201\">\u00a0<\/td>\n<td style=\"height: 24px;\" width=\"201\"><strong>Konzulta\u010dn\u00ed den<\/strong> s\u00a0rodi\u010di (Hovorov\u00e9 pond\u011bl\u00ed)<\/td>\n<td style=\"height: 24px;\" width=\"201\">5. 3.\u00a0<\/td>\n<\/tr>\n<tr style=\"height: 24px;\">\n<td style=\"height: 24px;\" width=\"201\">\u00a0<\/td>\n<td style=\"height: 24px;\" width=\"201\"><strong>Vyn\u00e1\u0161en\u00ed zimy<\/strong> (od 10.45 \u2013 spole\u010dn\u011b se Z\u0160)\u00a0\u00a0<\/td>\n<td style=\"height: 24px;\" width=\"201\">19. 3.\u00a0<\/td>\n<\/tr>\n<tr style=\"height: 24px;\">\n<td style=\"height: 24px;\" width=\"201\">\u00a0<\/td>\n<td style=\"height: 24px;\" width=\"201\"><strong>Sv\u011btov\u00fd den vody<\/strong> \u2013 Modr\u00fd den<\/td>\n<td style=\"height: 24px;\" width=\"201\">22. 3.\u00a0<\/td>\n<\/tr>\n<tr style=\"height: 31px;\">\n<td style=\"height: 31px;\" width=\"201\">\u00a0<\/td>\n<td style=\"height: 31px;\" width=\"201\"><strong>Velikono\u010dn\u00ed d\u00edlna<\/strong> s\u00a0rodi\u010di (16.00)<\/td>\n<td style=\"height: 31px;\" width=\"201\">27. 3.\u00a0<\/td>\n<\/tr>\n<tr style=\"height: 24px;\">\n<td style=\"height: 24px;\" width=\"201\"><strong>\u00a0<\/strong><\/td>\n<td style=\"height: 24px;\" width=\"201\"><strong>Barevn\u00fd p\u0159edvelikono\u010dn\u00ed t\u00fdden<\/strong><\/td>\n<td style=\"height: 24px;\" width=\"201\">od 26. 3.<\/td>\n<\/tr>\n<tr style=\"height: 24px;\">\n<td style=\"height: 24px;\" width=\"201\"><strong>\u00a0<\/strong><\/td>\n<td style=\"height: 24px;\" width=\"201\"><strong>M\u011bs\u00edc knihy <\/strong>(Josef Lada)<\/td>\n<td style=\"height: 24px;\" width=\"201\">pr\u016fb\u011b\u017en\u011b<\/td>\n<\/tr>\n<\/tbody>\n<\/table>\n<\/div>\n<\/div><\/div><\/div><\/div><\/div>","protected":false},"excerpt":{"rendered":"<p>Z\u0160 \u0160kola Zdrav\u00e9 5 \u2013 interaktivn\u00ed program o zdrav\u00e9m \u017eivotn\u00edm stylu 5. 3. \u00a0 Konzulta\u010dn\u00ed den s\u00a0rodi\u010di (13.30 \u2013 16.00) 5. 3. \u00a0 Den otev\u0159en\u00fdch dve\u0159\u00ed (pro budouc\u00ed prv\u0148\u00e1ky, rodi\u010de a ve\u0159ejnost) 26. 3.\u00a0 \u00a0 Vyn\u00e1\u0161en\u00ed zimy (od 10.45 \u2013 spole\u010dn\u011b s M\u0160)\u00a0\u00a0 19. 3.\u00a0 \u00a0 Sv\u00e1tek poezie (\u00fa\u010dast na okresn\u00edm kole v\u00a0recitaci \u2013 DK Krom\u011b\u0159\u00ed\u017e) 21. 3.\u00a0 \u00a0 Sv\u011btov\u00fd den vody \u2013 Modr\u00fd den 22 . 3. \u00a0 Velikono\u010dn\u00ed d\u00edlna s\u00a0rodi\u010di (15.30) 26. 3. \u00a0 M\u011bs\u00edc knihy (Josef Lada) pr\u016fb\u011b\u017en\u011b \u0160D M\u011bs\u00edc knihy (Josef Lada) \u00a0pr\u016fb\u011b\u017en\u011b \u00a0 Kniha je n\u00e1\u0161 kamar\u00e1d \u2013 \u201eO kr\u00e1le \u010dten\u00e1\u0159e\u201c \u00a0\u00a0 pr\u016fb\u011b\u017en\u011b \u00a0 Sv\u011btov\u00fd den vody \u2013 Modr\u00fd den 22. 3.\u00a0 \u00a0 Sport mix \u00a0\u00a0\u00a0 12. 3., 26. 3. \u00a0 N\u00e1v\u0161t\u011bva Knihovny v\u00a0Kyselovic\u00edch bude up\u0159esn\u011bno \u00a0M\u0160 Hr\u00e1tky Zdrav\u00e9 5 \u2013 interaktivn\u00ed program o zdrav\u00e9m stravov\u00e1n\u00ed\u00a0\u00a0\u00a0\u00a0 \u00a0\u00a0\u00a0\u00a0\u00a0\u00a0\u00a0\u00a0\u00a0\u00a0\u00a0 5. 3.\u00a0 \u00a0 Konzulta\u010dn\u00ed den s\u00a0rodi\u010di (Hovorov\u00e9 pond\u011bl\u00ed) 5. 3.\u00a0 \u00a0 Vyn\u00e1\u0161en\u00ed zimy (od 10.45 \u2013 spole\u010dn\u011b se Z\u0160)\u00a0\u00a0 19. 3.\u00a0 \u00a0 Sv\u011btov\u00fd den vody \u2013 Modr\u00fd den 22. 3.\u00a0 \u00a0 Velikono\u010dn\u00ed d\u00edlna s\u00a0rodi\u010di (16.00) 27. 3.\u00a0 \u00a0 Barevn\u00fd p\u0159edvelikono\u010dn\u00ed t\u00fdden od 26. 3. \u00a0 M\u011bs\u00edc knihy (Josef Lada) pr\u016fb\u011b\u017en\u011b<\/p>","protected":false},"author":1,"featured_media":0,"comment_status":"closed","ping_status":"closed","sticky":false,"template":"","format":"standard","meta":{"footnotes":""},"categories":[1],"tags":[],"class_list":["post-12477","post","type-post","status-publish","format-standard","hentry","category-aktuality"],"yoast_head":"<!-- This site is optimized with the Yoast SEO plugin v27.4 - https:\/\/yoast.com\/product\/yoast-seo-wordpress\/ -->\n<title>Pl\u00e1n akc\u00ed na m\u011bs\u00edc b\u0159ezen | ZS ZALKOVICE<\/title>\n<meta name=\"robots\" content=\"index, follow, max-snippet:-1, max-image-preview:large, max-video-preview:-1\" \/>\n<link rel=\"canonical\" href=\"https:\/\/zszalkovice.cz\/en\/plan-akci-na-mesic-brezen\/\" \/>\n<meta property=\"og:locale\" content=\"en_US\" \/>\n<meta property=\"og:type\" content=\"article\" \/>\n<meta property=\"og:title\" content=\"Pl\u00e1n akc\u00ed na m\u011bs\u00edc b\u0159ezen | ZS ZALKOVICE\" \/>\n<meta property=\"og:description\" content=\"Z\u0160 \u0160kola Zdrav\u00e9 5 \u2013 interaktivn\u00ed program o zdrav\u00e9m \u017eivotn\u00edm stylu 5. 3. \u00a0 Konzulta\u010dn\u00ed den s\u00a0rodi\u010di (13.30 \u2013 16.00) 5. 3. \u00a0 Den otev\u0159en\u00fdch dve\u0159\u00ed (pro budouc\u00ed prv\u0148\u00e1ky, rodi\u010de a ve\u0159ejnost) 26. 3.\u00a0 \u00a0 Vyn\u00e1\u0161en\u00ed zimy (od 10.45 \u2013 spole\u010dn\u011b s M\u0160)\u00a0\u00a0 19. 3.\u00a0 \u00a0 Sv\u00e1tek poezie (\u00fa\u010dast na okresn\u00edm kole v\u00a0recitaci \u2013 DK Krom\u011b\u0159\u00ed\u017e) 21. 3.\u00a0 \u00a0 Sv\u011btov\u00fd den vody \u2013 Modr\u00fd den 22 . 3. \u00a0 Velikono\u010dn\u00ed d\u00edlna s\u00a0rodi\u010di (15.30) 26. 3. \u00a0 M\u011bs\u00edc knihy (Josef Lada) pr\u016fb\u011b\u017en\u011b \u0160D M\u011bs\u00edc knihy (Josef Lada) \u00a0pr\u016fb\u011b\u017en\u011b \u00a0 Kniha je n\u00e1\u0161 kamar\u00e1d \u2013 \u201eO kr\u00e1le \u010dten\u00e1\u0159e\u201c \u00a0\u00a0 pr\u016fb\u011b\u017en\u011b \u00a0 Sv\u011btov\u00fd den vody \u2013 Modr\u00fd den 22. 3.\u00a0 \u00a0 Sport mix \u00a0\u00a0\u00a0 12. 3., 26. 3. \u00a0 N\u00e1v\u0161t\u011bva Knihovny v\u00a0Kyselovic\u00edch bude up\u0159esn\u011bno \u00a0M\u0160 Hr\u00e1tky Zdrav\u00e9 5 \u2013 interaktivn\u00ed program o zdrav\u00e9m stravov\u00e1n\u00ed\u00a0\u00a0\u00a0\u00a0 \u00a0\u00a0\u00a0\u00a0\u00a0\u00a0\u00a0\u00a0\u00a0\u00a0\u00a0 5. 3.\u00a0 \u00a0 Konzulta\u010dn\u00ed den s\u00a0rodi\u010di (Hovorov\u00e9 pond\u011bl\u00ed) 5. 3.\u00a0 \u00a0 Vyn\u00e1\u0161en\u00ed zimy (od 10.45 \u2013 spole\u010dn\u011b se Z\u0160)\u00a0\u00a0 19. 3.\u00a0 \u00a0 Sv\u011btov\u00fd den vody \u2013 Modr\u00fd den 22. 3.\u00a0 \u00a0 Velikono\u010dn\u00ed d\u00edlna s\u00a0rodi\u010di (16.00) 27. 3.\u00a0 \u00a0 Barevn\u00fd p\u0159edvelikono\u010dn\u00ed t\u00fdden od 26. 3. \u00a0 M\u011bs\u00edc knihy (Josef Lada) pr\u016fb\u011b\u017en\u011b\" \/>\n<meta property=\"og:url\" content=\"https:\/\/zszalkovice.cz\/en\/plan-akci-na-mesic-brezen\/\" \/>\n<meta property=\"og:site_name\" content=\"ZS ZALKOVICE\" \/>\n<meta property=\"article:published_time\" content=\"2018-03-02T18:14:12+00:00\" \/>\n<meta property=\"article:modified_time\" content=\"2018-03-13T11:32:54+00:00\" \/>\n<meta name=\"author\" content=\"tomasvalachcz\" \/>\n<meta name=\"twitter:card\" content=\"summary_large_image\" \/>\n<meta name=\"twitter:label1\" content=\"Written by\" \/>\n\t<meta name=\"twitter:data1\" content=\"tomasvalachcz\" \/>\n\t<meta name=\"twitter:label2\" content=\"Est. reading time\" \/>\n\t<meta name=\"twitter:data2\" content=\"1 minute\" \/>\n<script type=\"application\/ld+json\" class=\"yoast-schema-graph\">{\"@context\":\"https:\\\/\\\/schema.org\",\"@graph\":[{\"@type\":\"Article\",\"@id\":\"https:\\\/\\\/zszalkovice.cz\\\/plan-akci-na-mesic-brezen\\\/#article\",\"isPartOf\":{\"@id\":\"https:\\\/\\\/zszalkovice.cz\\\/plan-akci-na-mesic-brezen\\\/\"},\"author\":{\"name\":\"tomasvalachcz\",\"@id\":\"https:\\\/\\\/zszalkovice.cz\\\/en\\\/#\\\/schema\\\/person\\\/cf5993af600dede866175cad7be6a130\"},\"headline\":\"Pl\u00e1n akc\u00ed na m\u011bs\u00edc b\u0159ezen\",\"datePublished\":\"2018-03-02T18:14:12+00:00\",\"dateModified\":\"2018-03-13T11:32:54+00:00\",\"mainEntityOfPage\":{\"@id\":\"https:\\\/\\\/zszalkovice.cz\\\/plan-akci-na-mesic-brezen\\\/\"},\"wordCount\":182,\"publisher\":{\"@id\":\"https:\\\/\\\/zszalkovice.cz\\\/en\\\/#organization\"},\"articleSection\":[\"Aktuality\"],\"inLanguage\":\"en-US\"},{\"@type\":\"WebPage\",\"@id\":\"https:\\\/\\\/zszalkovice.cz\\\/plan-akci-na-mesic-brezen\\\/\",\"url\":\"https:\\\/\\\/zszalkovice.cz\\\/plan-akci-na-mesic-brezen\\\/\",\"name\":\"Pl\u00e1n akc\u00ed na m\u011bs\u00edc b\u0159ezen | ZS ZALKOVICE\",\"isPartOf\":{\"@id\":\"https:\\\/\\\/zszalkovice.cz\\\/en\\\/#website\"},\"datePublished\":\"2018-03-02T18:14:12+00:00\",\"dateModified\":\"2018-03-13T11:32:54+00:00\",\"breadcrumb\":{\"@id\":\"https:\\\/\\\/zszalkovice.cz\\\/plan-akci-na-mesic-brezen\\\/#breadcrumb\"},\"inLanguage\":\"en-US\",\"potentialAction\":[{\"@type\":\"ReadAction\",\"target\":[\"https:\\\/\\\/zszalkovice.cz\\\/plan-akci-na-mesic-brezen\\\/\"]}]},{\"@type\":\"BreadcrumbList\",\"@id\":\"https:\\\/\\\/zszalkovice.cz\\\/plan-akci-na-mesic-brezen\\\/#breadcrumb\",\"itemListElement\":[{\"@type\":\"ListItem\",\"position\":1,\"name\":\"Home\",\"item\":\"https:\\\/\\\/zszalkovice.cz\\\/\"},{\"@type\":\"ListItem\",\"position\":2,\"name\":\"Pl\u00e1n akc\u00ed na m\u011bs\u00edc b\u0159ezen\"}]},{\"@type\":\"WebSite\",\"@id\":\"https:\\\/\\\/zszalkovice.cz\\\/en\\\/#website\",\"url\":\"https:\\\/\\\/zszalkovice.cz\\\/en\\\/\",\"name\":\"ZS ZALKOVICE\",\"description\":\"ZS ZALKOVICE\",\"publisher\":{\"@id\":\"https:\\\/\\\/zszalkovice.cz\\\/en\\\/#organization\"},\"potentialAction\":[{\"@type\":\"SearchAction\",\"target\":{\"@type\":\"EntryPoint\",\"urlTemplate\":\"https:\\\/\\\/zszalkovice.cz\\\/en\\\/?s={search_term_string}\"},\"query-input\":{\"@type\":\"PropertyValueSpecification\",\"valueRequired\":true,\"valueName\":\"search_term_string\"}}],\"inLanguage\":\"en-US\"},{\"@type\":\"Organization\",\"@id\":\"https:\\\/\\\/zszalkovice.cz\\\/en\\\/#organization\",\"name\":\"Z\u0160 a M\u0160 \u017dalkovice\",\"url\":\"https:\\\/\\\/zszalkovice.cz\\\/en\\\/\",\"logo\":{\"@type\":\"ImageObject\",\"inLanguage\":\"en-US\",\"@id\":\"https:\\\/\\\/zszalkovice.cz\\\/en\\\/#\\\/schema\\\/logo\\\/image\\\/\",\"url\":\"https:\\\/\\\/blanchedalmond-starling-735365.hostingersite.com\\\/wp-content\\\/uploads\\\/2020\\\/04\\\/logo-2-e1590092978599.png\",\"contentUrl\":\"https:\\\/\\\/blanchedalmond-starling-735365.hostingersite.com\\\/wp-content\\\/uploads\\\/2020\\\/04\\\/logo-2-e1590092978599.png\",\"width\":839,\"height\":200,\"caption\":\"Z\u0160 a M\u0160 \u017dalkovice\"},\"image\":{\"@id\":\"https:\\\/\\\/zszalkovice.cz\\\/en\\\/#\\\/schema\\\/logo\\\/image\\\/\"}},{\"@type\":\"Person\",\"@id\":\"https:\\\/\\\/zszalkovice.cz\\\/en\\\/#\\\/schema\\\/person\\\/cf5993af600dede866175cad7be6a130\",\"name\":\"tomasvalachcz\",\"image\":{\"@type\":\"ImageObject\",\"inLanguage\":\"en-US\",\"@id\":\"https:\\\/\\\/secure.gravatar.com\\\/avatar\\\/4dc8020e0561b2953bed0be50d0861c53ed1d2dc07796def7c4fed0d84d1cb75?s=96&d=mm&r=g\",\"url\":\"https:\\\/\\\/secure.gravatar.com\\\/avatar\\\/4dc8020e0561b2953bed0be50d0861c53ed1d2dc07796def7c4fed0d84d1cb75?s=96&d=mm&r=g\",\"contentUrl\":\"https:\\\/\\\/secure.gravatar.com\\\/avatar\\\/4dc8020e0561b2953bed0be50d0861c53ed1d2dc07796def7c4fed0d84d1cb75?s=96&d=mm&r=g\",\"caption\":\"tomasvalachcz\"}}]}<\/script>\n<!-- \/ Yoast SEO plugin. -->","yoast_head_json":{"title":"Pl\u00e1n akc\u00ed na m\u011bs\u00edc b\u0159ezen | ZS ZALKOVICE","robots":{"index":"index","follow":"follow","max-snippet":"max-snippet:-1","max-image-preview":"max-image-preview:large","max-video-preview":"max-video-preview:-1"},"canonical":"https:\/\/zszalkovice.cz\/en\/plan-akci-na-mesic-brezen\/","og_locale":"en_US","og_type":"article","og_title":"Pl\u00e1n akc\u00ed na m\u011bs\u00edc b\u0159ezen | ZS ZALKOVICE","og_description":"Z\u0160 \u0160kola Zdrav\u00e9 5 \u2013 interaktivn\u00ed program o zdrav\u00e9m \u017eivotn\u00edm stylu 5. 3. \u00a0 Konzulta\u010dn\u00ed den s\u00a0rodi\u010di (13.30 \u2013 16.00) 5. 3. \u00a0 Den otev\u0159en\u00fdch dve\u0159\u00ed (pro budouc\u00ed prv\u0148\u00e1ky, rodi\u010de a ve\u0159ejnost) 26. 3.\u00a0 \u00a0 Vyn\u00e1\u0161en\u00ed zimy (od 10.45 \u2013 spole\u010dn\u011b s M\u0160)\u00a0\u00a0 19. 3.\u00a0 \u00a0 Sv\u00e1tek poezie (\u00fa\u010dast na okresn\u00edm kole v\u00a0recitaci \u2013 DK Krom\u011b\u0159\u00ed\u017e) 21. 3.\u00a0 \u00a0 Sv\u011btov\u00fd den vody \u2013 Modr\u00fd den 22 . 3. \u00a0 Velikono\u010dn\u00ed d\u00edlna s\u00a0rodi\u010di (15.30) 26. 3. \u00a0 M\u011bs\u00edc knihy (Josef Lada) pr\u016fb\u011b\u017en\u011b \u0160D M\u011bs\u00edc knihy (Josef Lada) \u00a0pr\u016fb\u011b\u017en\u011b \u00a0 Kniha je n\u00e1\u0161 kamar\u00e1d \u2013 \u201eO kr\u00e1le \u010dten\u00e1\u0159e\u201c \u00a0\u00a0 pr\u016fb\u011b\u017en\u011b \u00a0 Sv\u011btov\u00fd den vody \u2013 Modr\u00fd den 22. 3.\u00a0 \u00a0 Sport mix \u00a0\u00a0\u00a0 12. 3., 26. 3. \u00a0 N\u00e1v\u0161t\u011bva Knihovny v\u00a0Kyselovic\u00edch bude up\u0159esn\u011bno \u00a0M\u0160 Hr\u00e1tky Zdrav\u00e9 5 \u2013 interaktivn\u00ed program o zdrav\u00e9m stravov\u00e1n\u00ed\u00a0\u00a0\u00a0\u00a0 \u00a0\u00a0\u00a0\u00a0\u00a0\u00a0\u00a0\u00a0\u00a0\u00a0\u00a0 5. 3.\u00a0 \u00a0 Konzulta\u010dn\u00ed den s\u00a0rodi\u010di (Hovorov\u00e9 pond\u011bl\u00ed) 5. 3.\u00a0 \u00a0 Vyn\u00e1\u0161en\u00ed zimy (od 10.45 \u2013 spole\u010dn\u011b se Z\u0160)\u00a0\u00a0 19. 3.\u00a0 \u00a0 Sv\u011btov\u00fd den vody \u2013 Modr\u00fd den 22. 3.\u00a0 \u00a0 Velikono\u010dn\u00ed d\u00edlna s\u00a0rodi\u010di (16.00) 27. 3.\u00a0 \u00a0 Barevn\u00fd p\u0159edvelikono\u010dn\u00ed t\u00fdden od 26. 3. \u00a0 M\u011bs\u00edc knihy (Josef Lada) pr\u016fb\u011b\u017en\u011b","og_url":"https:\/\/zszalkovice.cz\/en\/plan-akci-na-mesic-brezen\/","og_site_name":"ZS ZALKOVICE","article_published_time":"2018-03-02T18:14:12+00:00","article_modified_time":"2018-03-13T11:32:54+00:00","author":"tomasvalachcz","twitter_card":"summary_large_image","twitter_misc":{"Written by":"tomasvalachcz","Est. reading time":"1 minute"},"schema":{"@context":"https:\/\/schema.org","@graph":[{"@type":"Article","@id":"https:\/\/zszalkovice.cz\/plan-akci-na-mesic-brezen\/#article","isPartOf":{"@id":"https:\/\/zszalkovice.cz\/plan-akci-na-mesic-brezen\/"},"author":{"name":"tomasvalachcz","@id":"https:\/\/zszalkovice.cz\/en\/#\/schema\/person\/cf5993af600dede866175cad7be6a130"},"headline":"Pl\u00e1n akc\u00ed na m\u011bs\u00edc b\u0159ezen","datePublished":"2018-03-02T18:14:12+00:00","dateModified":"2018-03-13T11:32:54+00:00","mainEntityOfPage":{"@id":"https:\/\/zszalkovice.cz\/plan-akci-na-mesic-brezen\/"},"wordCount":182,"publisher":{"@id":"https:\/\/zszalkovice.cz\/en\/#organization"},"articleSection":["Aktuality"],"inLanguage":"en-US"},{"@type":"WebPage","@id":"https:\/\/zszalkovice.cz\/plan-akci-na-mesic-brezen\/","url":"https:\/\/zszalkovice.cz\/plan-akci-na-mesic-brezen\/","name":"Pl\u00e1n akc\u00ed na m\u011bs\u00edc b\u0159ezen | ZS ZALKOVICE","isPartOf":{"@id":"https:\/\/zszalkovice.cz\/en\/#website"},"datePublished":"2018-03-02T18:14:12+00:00","dateModified":"2018-03-13T11:32:54+00:00","breadcrumb":{"@id":"https:\/\/zszalkovice.cz\/plan-akci-na-mesic-brezen\/#breadcrumb"},"inLanguage":"en-US","potentialAction":[{"@type":"ReadAction","target":["https:\/\/zszalkovice.cz\/plan-akci-na-mesic-brezen\/"]}]},{"@type":"BreadcrumbList","@id":"https:\/\/zszalkovice.cz\/plan-akci-na-mesic-brezen\/#breadcrumb","itemListElement":[{"@type":"ListItem","position":1,"name":"Home","item":"https:\/\/zszalkovice.cz\/"},{"@type":"ListItem","position":2,"name":"Pl\u00e1n akc\u00ed na m\u011bs\u00edc b\u0159ezen"}]},{"@type":"WebSite","@id":"https:\/\/zszalkovice.cz\/en\/#website","url":"https:\/\/zszalkovice.cz\/en\/","name":"ZS ZALKOVICE","description":"ZS ZALKOVICE","publisher":{"@id":"https:\/\/zszalkovice.cz\/en\/#organization"},"potentialAction":[{"@type":"SearchAction","target":{"@type":"EntryPoint","urlTemplate":"https:\/\/zszalkovice.cz\/en\/?s={search_term_string}"},"query-input":{"@type":"PropertyValueSpecification","valueRequired":true,"valueName":"search_term_string"}}],"inLanguage":"en-US"},{"@type":"Organization","@id":"https:\/\/zszalkovice.cz\/en\/#organization","name":"Z\u0160 a M\u0160 \u017dalkovice","url":"https:\/\/zszalkovice.cz\/en\/","logo":{"@type":"ImageObject","inLanguage":"en-US","@id":"https:\/\/zszalkovice.cz\/en\/#\/schema\/logo\/image\/","url":"https:\/\/blanchedalmond-starling-735365.hostingersite.com\/wp-content\/uploads\/2020\/04\/logo-2-e1590092978599.png","contentUrl":"https:\/\/blanchedalmond-starling-735365.hostingersite.com\/wp-content\/uploads\/2020\/04\/logo-2-e1590092978599.png","width":839,"height":200,"caption":"Z\u0160 a M\u0160 \u017dalkovice"},"image":{"@id":"https:\/\/zszalkovice.cz\/en\/#\/schema\/logo\/image\/"}},{"@type":"Person","@id":"https:\/\/zszalkovice.cz\/en\/#\/schema\/person\/cf5993af600dede866175cad7be6a130","name":"tomasvalachcz","image":{"@type":"ImageObject","inLanguage":"en-US","@id":"https:\/\/secure.gravatar.com\/avatar\/4dc8020e0561b2953bed0be50d0861c53ed1d2dc07796def7c4fed0d84d1cb75?s=96&d=mm&r=g","url":"https:\/\/secure.gravatar.com\/avatar\/4dc8020e0561b2953bed0be50d0861c53ed1d2dc07796def7c4fed0d84d1cb75?s=96&d=mm&r=g","contentUrl":"https:\/\/secure.gravatar.com\/avatar\/4dc8020e0561b2953bed0be50d0861c53ed1d2dc07796def7c4fed0d84d1cb75?s=96&d=mm&r=g","caption":"tomasvalachcz"}}]}},"_links":{"self":[{"href":"https:\/\/zszalkovice.cz\/en\/wp-json\/wp\/v2\/posts\/12477","targetHints":{"allow":["GET"]}}],"collection":[{"href":"https:\/\/zszalkovice.cz\/en\/wp-json\/wp\/v2\/posts"}],"about":[{"href":"https:\/\/zszalkovice.cz\/en\/wp-json\/wp\/v2\/types\/post"}],"author":[{"embeddable":true,"href":"https:\/\/zszalkovice.cz\/en\/wp-json\/wp\/v2\/users\/1"}],"replies":[{"embeddable":true,"href":"https:\/\/zszalkovice.cz\/en\/wp-json\/wp\/v2\/comments?post=12477"}],"version-history":[{"count":21,"href":"https:\/\/zszalkovice.cz\/en\/wp-json\/wp\/v2\/posts\/12477\/revisions"}],"predecessor-version":[{"id":13356,"href":"https:\/\/zszalkovice.cz\/en\/wp-json\/wp\/v2\/posts\/12477\/revisions\/13356"}],"wp:attachment":[{"href":"https:\/\/zszalkovice.cz\/en\/wp-json\/wp\/v2\/media?parent=12477"}],"wp:term":[{"taxonomy":"category","embeddable":true,"href":"https:\/\/zszalkovice.cz\/en\/wp-json\/wp\/v2\/categories?post=12477"},{"taxonomy":"post_tag","embeddable":true,"href":"https:\/\/zszalkovice.cz\/en\/wp-json\/wp\/v2\/tags?post=12477"}],"curies":[{"name":"wp","href":"https:\/\/api.w.org\/{rel}","templated":true}]}}